{"id":5424,"date":"2021-06-23T16:52:27","date_gmt":"2021-06-23T14:52:27","guid":{"rendered":"https:\/\/gdrvertige.com\/2021\/06\/23\/alexandra-weckel-clinicienne\/"},"modified":"2021-07-23T15:40:08","modified_gmt":"2021-07-23T13:40:08","slug":"alexandra-weckel-clinicienne","status":"publish","type":"post","link":"https:\/\/gdrvertige.com\/en\/2021\/06\/23\/alexandra-weckel-clinicienne\/","title":{"rendered":"Alexandra WECKEL (Clinician)"},"content":{"rendered":"\t\t<div data-elementor-type=\"wp-post\" data-elementor-id=\"5424\" class=\"elementor elementor-5424 elementor-4420\" data-elementor-settings=\"[]\">\n\t\t\t\t\t\t<div class=\"elementor-inner\">\n\t\t\t\t\t\t\t<div class=\"elementor-section-wrap\">\n\t\t\t\t\t\t\t<section class=\"elementor-section elementor-top-section elementor-element elementor-element-db0441d elementor-section-boxed elementor-section-height-default elementor-section-height-default\" data-id=\"db0441d\" data-element_type=\"section\">\n\t\t\t\t\t\t<div class=\"elementor-container elementor-column-gap-default\">\n\t\t\t\t\t\t\t<div class=\"elementor-row\">\n\t\t\t\t\t<div class=\"elementor-column elementor-col-100 elementor-top-column elementor-element elementor-element-c5d8c72\" data-id=\"c5d8c72\" data-element_type=\"column\">\n\t\t\t<div class=\"elementor-column-wrap elementor-element-populated\">\n\t\t\t\t\t\t\t<div class=\"elementor-widget-wrap\">\n\t\t\t\t\t\t<div class=\"elementor-element elementor-element-be4adde elementor-widget elementor-widget-image\" data-id=\"be4adde\" data-element_type=\"widget\" data-widget_type=\"image.default\">\n\t\t\t\t<div class=\"elementor-widget-container\">\n\t\t\t\t\t\t\t\t<div class=\"elementor-image\">\n\t\t\t\t\t\t\t\t\t\t\t\t<img loading=\"lazy\" decoding=\"async\" width=\"440\" height=\"440\" src=\"https:\/\/gdrvertige.com\/wp-content\/uploads\/2021\/02\/210302-Photo-Alex-Weckel-440x440.jpg\" class=\"attachment-zikzag-440-440 size-zikzag-440-440\" alt=\"\" srcset=\"https:\/\/gdrvertige.com\/wp-content\/uploads\/2021\/02\/210302-Photo-Alex-Weckel-440x440.jpg 440w, https:\/\/gdrvertige.com\/wp-content\/uploads\/2021\/02\/210302-Photo-Alex-Weckel-150x150.jpg 150w, https:\/\/gdrvertige.com\/wp-content\/uploads\/2021\/02\/210302-Photo-Alex-Weckel-180x180.jpg 180w, https:\/\/gdrvertige.com\/wp-content\/uploads\/2021\/02\/210302-Photo-Alex-Weckel-120x120.jpg 120w\" sizes=\"auto, (max-width: 440px) 100vw, 440px\" \/>\t\t\t\t\t\t\t\t\t\t\t\t\t\t<\/div>\n\t\t\t\t\t\t<\/div>\n\t\t\t\t<\/div>\n\t\t\t\t\t\t<\/div>\n\t\t\t\t\t<\/div>\n\t\t<\/div>\n\t\t\t\t\t\t\t\t<\/div>\n\t\t\t\t\t<\/div>\n\t\t<\/section>\n\t\t\t\t<section class=\"elementor-section elementor-top-section elementor-element elementor-element-716950d elementor-section-boxed elementor-section-height-default elementor-section-height-default\" data-id=\"716950d\" data-element_type=\"section\">\n\t\t\t\t\t\t<div class=\"elementor-container elementor-column-gap-default\">\n\t\t\t\t\t\t\t<div class=\"elementor-row\">\n\t\t\t\t\t<div class=\"elementor-column elementor-col-100 elementor-top-column elementor-element elementor-element-ab6a0b8\" data-id=\"ab6a0b8\" data-element_type=\"column\">\n\t\t\t<div class=\"elementor-column-wrap elementor-element-populated\">\n\t\t\t\t\t\t\t<div class=\"elementor-widget-wrap\">\n\t\t\t\t\t\t<div class=\"elementor-element elementor-element-9d47818 elementor-widget elementor-widget-spacer\" data-id=\"9d47818\" data-element_type=\"widget\" data-widget_type=\"spacer.default\">\n\t\t\t\t<div class=\"elementor-widget-container\">\n\t\t\t\t\t<div class=\"elementor-spacer\">\n\t\t\t<div class=\"elementor-spacer-inner\"><\/div>\n\t\t<\/div>\n\t\t\t\t<\/div>\n\t\t\t\t<\/div>\n\t\t\t\t\t\t<\/div>\n\t\t\t\t\t<\/div>\n\t\t<\/div>\n\t\t\t\t\t\t\t\t<\/div>\n\t\t\t\t\t<\/div>\n\t\t<\/section>\n\t\t\t\t<section class=\"elementor-section elementor-top-section elementor-element elementor-element-74172ba elementor-section-boxed elementor-section-height-default elementor-section-height-default\" data-id=\"74172ba\" data-element_type=\"section\">\n\t\t\t\t\t\t<div class=\"elementor-container elementor-column-gap-default\">\n\t\t\t\t\t\t\t<div class=\"elementor-row\">\n\t\t\t\t\t<div class=\"elementor-column elementor-col-100 elementor-top-column elementor-element elementor-element-6c8ab68\" data-id=\"6c8ab68\" data-element_type=\"column\">\n\t\t\t<div class=\"elementor-column-wrap elementor-element-populated\">\n\t\t\t\t\t\t\t<div class=\"elementor-widget-wrap\">\n\t\t\t\t\t\t<div class=\"elementor-element elementor-element-1db9d79 aleft elementor-widget elementor-widget-wgl-double-headings\" data-id=\"1db9d79\" data-element_type=\"widget\" data-widget_type=\"wgl-double-headings.default\">\n\t\t\t\t<div class=\"elementor-widget-container\">\n\t\t\t<div class=\"wgl-double_heading\"><\/div>\t\t<\/div>\n\t\t\t\t<\/div>\n\t\t\t\t<div class=\"elementor-element elementor-element-a80cdfa elementor-widget elementor-widget-heading\" data-id=\"a80cdfa\" data-element_type=\"widget\" data-widget_type=\"heading.default\">\n\t\t\t\t<div class=\"elementor-widget-container\">\n\t\t\t<h4 class=\"elementor-heading-title elementor-size-default\">Doctor in Medicine, ENT specialty<\/h4>\t\t<\/div>\n\t\t\t\t<\/div>\n\t\t\t\t<div class=\"elementor-element elementor-element-35ecd12 aleft elementor-widget elementor-widget-wgl-double-headings\" data-id=\"35ecd12\" data-element_type=\"widget\" data-widget_type=\"wgl-double-headings.default\">\n\t\t\t\t<div class=\"elementor-widget-container\">\n\t\t\t<div class=\"wgl-double_heading\"><\/div>\t\t<\/div>\n\t\t\t\t<\/div>\n\t\t\t\t<div class=\"elementor-element elementor-element-8cb9975 elementor-widget elementor-widget-heading\" data-id=\"8cb9975\" data-element_type=\"widget\" data-widget_type=\"heading.default\">\n\t\t\t\t<div class=\"elementor-widget-container\">\n\t\t\t<h6 class=\"elementor-heading-title elementor-size-large\"><a href=\"https:\/\/lnsc.fr\/equipe\/physiopathologie-et-therapie-des-desordres-vestibulaires\/\">ENT and Neuro-Otology Department, CHU Purpan, Toulouse<\/a><\/h6>\t\t<\/div>\n\t\t\t\t<\/div>\n\t\t\t\t<div class=\"elementor-element elementor-element-0ceb2dc aleft elementor-widget elementor-widget-wgl-double-headings\" data-id=\"0ceb2dc\" data-element_type=\"widget\" data-widget_type=\"wgl-double-headings.default\">\n\t\t\t\t<div class=\"elementor-widget-container\">\n\t\t\t<div class=\"wgl-double_heading\"><\/div>\t\t<\/div>\n\t\t\t\t<\/div>\n\t\t\t\t<div class=\"elementor-element elementor-element-2f64c1c elementor-widget elementor-widget-spacer\" data-id=\"2f64c1c\" data-element_type=\"widget\" data-widget_type=\"spacer.default\">\n\t\t\t\t<div class=\"elementor-widget-container\">\n\t\t\t\t\t<div class=\"elementor-spacer\">\n\t\t\t<div class=\"elementor-spacer-inner\"><\/div>\n\t\t<\/div>\n\t\t\t\t<\/div>\n\t\t\t\t<\/div>\n\t\t\t\t\t\t<\/div>\n\t\t\t\t\t<\/div>\n\t\t<\/div>\n\t\t\t\t\t\t\t\t<\/div>\n\t\t\t\t\t<\/div>\n\t\t<\/section>\n\t\t\t\t<section class=\"elementor-section elementor-top-section elementor-element elementor-element-2e2ed0b elementor-section-boxed elementor-section-height-default elementor-section-height-default\" data-id=\"2e2ed0b\" data-element_type=\"section\">\n\t\t\t\t\t\t<div class=\"elementor-container elementor-column-gap-default\">\n\t\t\t\t\t\t\t<div class=\"elementor-row\">\n\t\t\t\t\t<div class=\"elementor-column elementor-col-100 elementor-top-column elementor-element elementor-element-a065b64\" data-id=\"a065b64\" data-element_type=\"column\">\n\t\t\t<div class=\"elementor-column-wrap elementor-element-populated\">\n\t\t\t\t\t\t\t<div class=\"elementor-widget-wrap\">\n\t\t\t\t\t\t<div class=\"elementor-element elementor-element-7cd8ca0 elementor-widget elementor-widget-text-editor\" data-id=\"7cd8ca0\" data-element_type=\"widget\" data-widget_type=\"text-editor.default\">\n\t\t\t\t<div class=\"elementor-widget-container\">\n\t\t\t\t\t\t\t\t<div class=\"elementor-text-editor elementor-clearfix\">\n\t\t\t\t<p><strong>Diplomas<\/strong><\/p><p><strong>THESE pour le dipl\u00f4me d\u2019Etat de Docteur en M\u00e9decine, <\/strong>soutenue le 25\/02\/2015<\/p><p><strong>Pathologies Vestibulaires\u00a0: Les besoins d\u2019innovations du point de vue du clinicien<\/strong><\/p><p>Universit\u00e9 Paul Sabatier, toulouse III, France<\/p><p><strong>DES D\u2019ORL et de Chirurgie Cervico-Faciale<\/strong>, soutenue le\u00a003\/\u00a010\/2014 Universit\u00e9 Paul Sabatier, Toulouse III, France<\/p>\t\t\t\t\t<\/div>\n\t\t\t\t\t\t<\/div>\n\t\t\t\t<\/div>\n\t\t\t\t\t\t<\/div>\n\t\t\t\t\t<\/div>\n\t\t<\/div>\n\t\t\t\t\t\t\t\t<\/div>\n\t\t\t\t\t<\/div>\n\t\t<\/section>\n\t\t\t\t<section class=\"elementor-section elementor-top-section elementor-element elementor-element-207b4dd elementor-section-boxed elementor-section-height-default elementor-section-height-default\" data-id=\"207b4dd\" data-element_type=\"section\">\n\t\t\t\t\t\t<div class=\"elementor-container elementor-column-gap-default\">\n\t\t\t\t\t\t\t<div class=\"elementor-row\">\n\t\t\t\t\t<div class=\"elementor-column elementor-col-100 elementor-top-column elementor-element elementor-element-4b72dfb\" data-id=\"4b72dfb\" data-element_type=\"column\">\n\t\t\t<div class=\"elementor-column-wrap elementor-element-populated\">\n\t\t\t\t\t\t\t<div class=\"elementor-widget-wrap\">\n\t\t\t\t\t\t\t\t<\/div>\n\t\t\t\t\t<\/div>\n\t\t<\/div>\n\t\t\t\t\t\t\t\t<\/div>\n\t\t\t\t\t<\/div>\n\t\t<\/section>\n\t\t\t\t<section class=\"elementor-section elementor-top-section elementor-element elementor-element-49ac2cc elementor-section-boxed elementor-section-height-default elementor-section-height-default\" data-id=\"49ac2cc\" data-element_type=\"section\">\n\t\t\t\t\t\t<div class=\"elementor-container elementor-column-gap-default\">\n\t\t\t\t\t\t\t<div class=\"elementor-row\">\n\t\t\t\t\t<div class=\"elementor-column elementor-col-100 elementor-top-column elementor-element elementor-element-d928ab7\" data-id=\"d928ab7\" data-element_type=\"column\">\n\t\t\t<div class=\"elementor-column-wrap elementor-element-populated\">\n\t\t\t\t\t\t\t<div class=\"elementor-widget-wrap\">\n\t\t\t\t\t\t<div class=\"elementor-element elementor-element-92e551e elementor-widget elementor-widget-text-editor\" data-id=\"92e551e\" data-element_type=\"widget\" data-widget_type=\"text-editor.default\">\n\t\t\t\t<div class=\"elementor-widget-container\">\n\t\t\t\t\t\t\t\t<div class=\"elementor-text-editor elementor-clearfix\">\n\t\t\t\t<p><strong>Publications<\/strong><\/p>\n<p><span><span class=\"Apple-converted-space\">\u00a0<\/span><\/span><b>2011- Le dispositif d\u2019annonce et la planification des soins de support int\u00e9gr\u00e9s dans une journ\u00e9e d\u2019information pr\u00e9-th\u00e9rapeutique<span class=\"Apple-converted-space\">\u00a0<\/span><\/b><\/p>\n<p>Weckel A, Woisard V, Vairel B, Sadeler A, Percodani J, Decotte A, Serrano E, Vergez S<span class=\"Apple-converted-space\">\u00a0<\/span><\/p>\n<p><i>Revue de la Soci\u00e9t\u00e9 Fran\u00e7aise de Carcinologie Cervico-faciale, XLIV\u00e8me congr\u00e8s : La r\u00e9cidive locale dans tous ses \u00e9tats-Les soins de support en carcinologie cervico-faciale<span class=\"Apple-converted-space\">\u00a0<\/span><\/i><\/p>\n<p><b>2016-Fiche technique : Vid\u00e9o Head impulse Test<span class=\"Apple-converted-space\">\u00a0<\/span><\/b><\/p>\n<p>Discher J, Weckel A<span class=\"Apple-converted-space\">\u00a0<\/span><\/p>\n<p><i>La lettre d\u2019oto rhino laryngologie n\u00b0 346, juillet 2016<span class=\"Apple-converted-space\">\u00a0<\/span><\/i><\/p>\n<p><b>2017-Control of vertigo in M\u00e9ni\u00e8re\u2019s disease by intratympanic dexamethasone<span class=\"Apple-converted-space\">\u00a0<\/span><\/b><\/p>\n<p>Weckel A, Marx M, Esteve-Fraysse MJ<span class=\"Apple-converted-space\">\u00a0<\/span><\/p>\n<p><i>European Annals of Otorhinolaryngology, Head and Neck Disease, 2017<span class=\"Apple-converted-space\">\u00a0<\/span><\/i><\/p>\n<p><b>2020 -Clinical management of Meni\u00e8re\u2019s disease : clinician perspective in 2020<span class=\"Apple-converted-space\">\u00a0<\/span><\/b><\/p>\n<p>Weckel A<span class=\"Apple-converted-space\">\u00a0<\/span><\/p>\n<p><i>J Vestib Research (in press, 2020)<span class=\"Apple-converted-space\">\u00a0<\/span><\/i><\/p>\n<p><b>2020-Vestibular disorders: Clinician ENT perspective in the need for research and innovation<span class=\"Apple-converted-space\">\u00a0<\/span><\/b><\/p>\n<p>A Weckel, M. J. Esteve Fraysse, M. Marx, B. Fraysse, Y. Gallois, C. Chabbert<span class=\"Apple-converted-space\">\u00a0<\/span><\/p>\n<p><i>J Neurolgy (in press, 2020)<span class=\"Apple-converted-space\">\u00a0<\/span><\/i><\/p>\n\t\t\t\t\t<\/div>\n\t\t\t\t\t\t<\/div>\n\t\t\t\t<\/div>\n\t\t\t\t\t\t<\/div>\n\t\t\t\t\t<\/div>\n\t\t<\/div>\n\t\t\t\t\t\t\t\t<\/div>\n\t\t\t\t\t<\/div>\n\t\t<\/section>\n\t\t\t\t<section class=\"elementor-section elementor-top-section elementor-element elementor-element-40e13c5 elementor-section-boxed elementor-section-height-default elementor-section-height-default\" data-id=\"40e13c5\" data-element_type=\"section\">\n\t\t\t\t\t\t<div class=\"elementor-container elementor-column-gap-default\">\n\t\t\t\t\t\t\t<div class=\"elementor-row\">\n\t\t\t\t\t<div class=\"elementor-column elementor-col-100 elementor-top-column elementor-element elementor-element-a625ba5\" data-id=\"a625ba5\" data-element_type=\"column\">\n\t\t\t<div class=\"elementor-column-wrap elementor-element-populated\">\n\t\t\t\t\t\t\t<div class=\"elementor-widget-wrap\">\n\t\t\t\t\t\t<div class=\"elementor-element elementor-element-36d07fd elementor-widget elementor-widget-text-editor\" data-id=\"36d07fd\" data-element_type=\"widget\" data-widget_type=\"text-editor.default\">\n\t\t\t\t<div class=\"elementor-widget-container\">\n\t\t\t\t\t\t\t\t<div class=\"elementor-text-editor elementor-clearfix\">\n\t\t\t\t<p><strong>Dr Alexandra WECKEL<\/strong><\/p>\n<p><span><span class=\"Apple-converted-space\">\u00a0<\/span><\/span><b>Prise en charge des vertiges, de la surdit\u00e9, et explorations cochl\u00e9o-vestibulaires de l\u2019adulte et de l\u2019enfant<span class=\"Apple-converted-space\">\u00a0<\/span><\/b><\/p>\n<p><b>Exploration des troubles auditifs (surdit\u00e9 et acouph\u00e8nes), audiom\u00e9trie<span class=\"Apple-converted-space\">\u00a0<\/span><\/b><\/p>\n<p><b>Exploration des troubles de l\u2019\u00e9quilibre, VNG-VHIT-PEMV<span class=\"Apple-converted-space\">\u00a0<\/span><\/b><\/p>\n<p><span><span class=\"Apple-converted-space\">\u00a0<\/span><\/span><b>Membre du Coll\u00e8ge Fran\u00e7ais d\u2019ORL et Chirurgie de la Face et du cou<span class=\"Apple-converted-space\">\u00a0<\/span><\/b><\/p>\n<p><b>Membre de la SFORL<span class=\"Apple-converted-space\">\u00a0<\/span><\/b><\/p>\n<p><b>Membre de l\u2019AFREPA<span class=\"Apple-converted-space\">\u00a0<\/span><\/b><\/p>\n<p><b>Membre du GDR Vertige<span class=\"Apple-converted-space\">\u00a0<\/span><\/b><\/p>\n\t\t\t\t\t<\/div>\n\t\t\t\t\t\t<\/div>\n\t\t\t\t<\/div>\n\t\t\t\t\t\t<\/div>\n\t\t\t\t\t<\/div>\n\t\t<\/div>\n\t\t\t\t\t\t\t\t<\/div>\n\t\t\t\t\t<\/div>\n\t\t<\/section>\n\t\t\t\t<section class=\"elementor-section elementor-top-section elementor-element elementor-element-4f9a051 elementor-section-boxed elementor-section-height-default elementor-section-height-default\" data-id=\"4f9a051\" data-element_type=\"section\">\n\t\t\t\t\t\t<div class=\"elementor-container elementor-column-gap-default\">\n\t\t\t\t\t\t\t<div class=\"elementor-row\">\n\t\t\t\t\t<div class=\"elementor-column elementor-col-100 elementor-top-column elementor-element elementor-element-181c999\" data-id=\"181c999\" data-element_type=\"column\">\n\t\t\t<div class=\"elementor-column-wrap\">\n\t\t\t\t\t\t\t<div class=\"elementor-widget-wrap\">\n\t\t\t\t\t\t\t\t<\/div>\n\t\t\t\t\t<\/div>\n\t\t<\/div>\n\t\t\t\t\t\t\t\t<\/div>\n\t\t\t\t\t<\/div>\n\t\t<\/section>\n\t\t\t\t<section class=\"elementor-section elementor-top-section elementor-element elementor-element-0fb8413 elementor-section-boxed elementor-section-height-default elementor-section-height-default\" data-id=\"0fb8413\" data-element_type=\"section\">\n\t\t\t\t\t\t<div class=\"elementor-container elementor-column-gap-default\">\n\t\t\t\t\t\t\t<div class=\"elementor-row\">\n\t\t\t\t\t<div class=\"elementor-column elementor-col-100 elementor-top-column elementor-element elementor-element-0d57479\" data-id=\"0d57479\" data-element_type=\"column\">\n\t\t\t<div class=\"elementor-column-wrap elementor-element-populated\">\n\t\t\t\t\t\t\t<div class=\"elementor-widget-wrap\">\n\t\t\t\t\t\t<div class=\"elementor-element elementor-element-216488c elementor-widget elementor-widget-spacer\" data-id=\"216488c\" data-element_type=\"widget\" data-widget_type=\"spacer.default\">\n\t\t\t\t<div class=\"elementor-widget-container\">\n\t\t\t\t\t<div class=\"elementor-spacer\">\n\t\t\t<div class=\"elementor-spacer-inner\"><\/div>\n\t\t<\/div>\n\t\t\t\t<\/div>\n\t\t\t\t<\/div>\n\t\t\t\t<div class=\"elementor-element elementor-element-a2ce231 elementor-widget elementor-widget-heading\" data-id=\"a2ce231\" data-element_type=\"widget\" data-widget_type=\"heading.default\">\n\t\t\t\t<div class=\"elementor-widget-container\">\n\t\t\t<h6 class=\"elementor-heading-title elementor-size-large\"><a href=\"https:\/\/gdrvertige.com\/en\/\">Contact: weckel.a@chu-toulouse.fr<\/a><\/h6>\t\t<\/div>\n\t\t\t\t<\/div>\n\t\t\t\t\t\t<\/div>\n\t\t\t\t\t<\/div>\n\t\t<\/div>\n\t\t\t\t\t\t\t\t<\/div>\n\t\t\t\t\t<\/div>\n\t\t<\/section>\n\t\t\t\t\t\t<\/div>\n\t\t\t\t\t\t<\/div>\n\t\t\t\t\t<\/div>\n\t\t","protected":false},"excerpt":{"rendered":"<p>Strasbourg<\/p>\n","protected":false},"author":1,"featured_media":4952,"comment_status":"closed","ping_status":"closed","sticky":false,"template":"","format":"standard","meta":{"footnotes":""},"categories":[46],"tags":[],"class_list":["post-5424","post","type-post","status-publish","format-standard","has-post-thumbnail","hentry","category-liste-des-membres"],"yoast_head":"<!-- This site is optimized with the Yoast SEO plugin v24.5 - https:\/\/yoast.com\/wordpress\/plugins\/seo\/ -->\n<title>Alexandra WECKEL (Clinician) - GDR Vertige<\/title>\n<meta name=\"robots\" content=\"index, follow, max-snippet:-1, max-image-preview:large, max-video-preview:-1\" \/>\n<link rel=\"canonical\" href=\"https:\/\/gdrvertige.com\/en\/2021\/06\/23\/alexandra-weckel-clinicienne\/\" \/>\n<meta property=\"og:locale\" content=\"en_US\" \/>\n<meta property=\"og:type\" content=\"article\" \/>\n<meta property=\"og:title\" content=\"Alexandra WECKEL (Clinician) - GDR Vertige\" \/>\n<meta property=\"og:description\" content=\"Strasbourg\" \/>\n<meta property=\"og:url\" content=\"https:\/\/gdrvertige.com\/en\/2021\/06\/23\/alexandra-weckel-clinicienne\/\" \/>\n<meta property=\"og:site_name\" content=\"GDR Vertige\" \/>\n<meta property=\"article:published_time\" content=\"2021-06-23T14:52:27+00:00\" \/>\n<meta property=\"article:modified_time\" content=\"2021-07-23T13:40:08+00:00\" \/>\n<meta property=\"og:image\" content=\"https:\/\/gdrvertige.com\/wp-content\/uploads\/2020\/12\/WECKEL.png\" \/>\n\t<meta property=\"og:image:width\" content=\"491\" \/>\n\t<meta property=\"og:image:height\" content=\"666\" \/>\n\t<meta property=\"og:image:type\" content=\"image\/png\" \/>\n<meta name=\"author\" content=\"wagaia\" \/>\n<meta name=\"twitter:card\" content=\"summary_large_image\" \/>\n<meta name=\"twitter:label1\" content=\"Written by\" \/>\n\t<meta name=\"twitter:data1\" content=\"wagaia\" \/>\n\t<meta name=\"twitter:label2\" content=\"Est. reading time\" \/>\n\t<meta name=\"twitter:data2\" content=\"2 minutes\" \/>\n<script type=\"application\/ld+json\" class=\"yoast-schema-graph\">{\"@context\":\"https:\/\/schema.org\",\"@graph\":[{\"@type\":\"Article\",\"@id\":\"https:\/\/gdrvertige.com\/en\/2021\/06\/23\/alexandra-weckel-clinicienne\/#article\",\"isPartOf\":{\"@id\":\"https:\/\/gdrvertige.com\/en\/2021\/06\/23\/alexandra-weckel-clinicienne\/\"},\"author\":{\"name\":\"wagaia\",\"@id\":\"https:\/\/gdrvertige.com\/en\/#\/schema\/person\/089ec5318aa3279f982ad0499abe7b69\"},\"headline\":\"Alexandra WECKEL (Clinician)\",\"datePublished\":\"2021-06-23T14:52:27+00:00\",\"dateModified\":\"2021-07-23T13:40:08+00:00\",\"mainEntityOfPage\":{\"@id\":\"https:\/\/gdrvertige.com\/en\/2021\/06\/23\/alexandra-weckel-clinicienne\/\"},\"wordCount\":324,\"publisher\":{\"@id\":\"https:\/\/gdrvertige.com\/en\/#organization\"},\"image\":{\"@id\":\"https:\/\/gdrvertige.com\/en\/2021\/06\/23\/alexandra-weckel-clinicienne\/#primaryimage\"},\"thumbnailUrl\":\"https:\/\/gdrvertige.com\/wp-content\/uploads\/2020\/12\/WECKEL.png\",\"articleSection\":[\"Liste des membres\"],\"inLanguage\":\"en-US\"},{\"@type\":\"WebPage\",\"@id\":\"https:\/\/gdrvertige.com\/en\/2021\/06\/23\/alexandra-weckel-clinicienne\/\",\"url\":\"https:\/\/gdrvertige.com\/en\/2021\/06\/23\/alexandra-weckel-clinicienne\/\",\"name\":\"Alexandra WECKEL (Clinician) - GDR Vertige\",\"isPartOf\":{\"@id\":\"https:\/\/gdrvertige.com\/en\/#website\"},\"primaryImageOfPage\":{\"@id\":\"https:\/\/gdrvertige.com\/en\/2021\/06\/23\/alexandra-weckel-clinicienne\/#primaryimage\"},\"image\":{\"@id\":\"https:\/\/gdrvertige.com\/en\/2021\/06\/23\/alexandra-weckel-clinicienne\/#primaryimage\"},\"thumbnailUrl\":\"https:\/\/gdrvertige.com\/wp-content\/uploads\/2020\/12\/WECKEL.png\",\"datePublished\":\"2021-06-23T14:52:27+00:00\",\"dateModified\":\"2021-07-23T13:40:08+00:00\",\"breadcrumb\":{\"@id\":\"https:\/\/gdrvertige.com\/en\/2021\/06\/23\/alexandra-weckel-clinicienne\/#breadcrumb\"},\"inLanguage\":\"en-US\",\"potentialAction\":[{\"@type\":\"ReadAction\",\"target\":[\"https:\/\/gdrvertige.com\/en\/2021\/06\/23\/alexandra-weckel-clinicienne\/\"]}]},{\"@type\":\"ImageObject\",\"inLanguage\":\"en-US\",\"@id\":\"https:\/\/gdrvertige.com\/en\/2021\/06\/23\/alexandra-weckel-clinicienne\/#primaryimage\",\"url\":\"https:\/\/gdrvertige.com\/wp-content\/uploads\/2020\/12\/WECKEL.png\",\"contentUrl\":\"https:\/\/gdrvertige.com\/wp-content\/uploads\/2020\/12\/WECKEL.png\",\"width\":491,\"height\":666},{\"@type\":\"BreadcrumbList\",\"@id\":\"https:\/\/gdrvertige.com\/en\/2021\/06\/23\/alexandra-weckel-clinicienne\/#breadcrumb\",\"itemListElement\":[{\"@type\":\"ListItem\",\"position\":1,\"name\":\"Accueil\",\"item\":\"https:\/\/gdrvertige.com\/en\/\"},{\"@type\":\"ListItem\",\"position\":2,\"name\":\"Alexandra WECKEL (Clinician)\"}]},{\"@type\":\"WebSite\",\"@id\":\"https:\/\/gdrvertige.com\/en\/#website\",\"url\":\"https:\/\/gdrvertige.com\/en\/\",\"name\":\"GDR Vertige\",\"description\":\"\",\"publisher\":{\"@id\":\"https:\/\/gdrvertige.com\/en\/#organization\"},\"potentialAction\":[{\"@type\":\"SearchAction\",\"target\":{\"@type\":\"EntryPoint\",\"urlTemplate\":\"https:\/\/gdrvertige.com\/en\/?s={search_term_string}\"},\"query-input\":{\"@type\":\"PropertyValueSpecification\",\"valueRequired\":true,\"valueName\":\"search_term_string\"}}],\"inLanguage\":\"en-US\"},{\"@type\":\"Organization\",\"@id\":\"https:\/\/gdrvertige.com\/en\/#organization\",\"name\":\"GDR Vertige\",\"url\":\"https:\/\/gdrvertige.com\/en\/\",\"logo\":{\"@type\":\"ImageObject\",\"inLanguage\":\"en-US\",\"@id\":\"https:\/\/gdrvertige.com\/en\/#\/schema\/logo\/image\/\",\"url\":\"https:\/\/gdrvertige.com\/wp-content\/uploads\/2020\/11\/GDR-VERTIGE_alt3.png\",\"contentUrl\":\"https:\/\/gdrvertige.com\/wp-content\/uploads\/2020\/11\/GDR-VERTIGE_alt3.png\",\"width\":1364,\"height\":538,\"caption\":\"GDR Vertige\"},\"image\":{\"@id\":\"https:\/\/gdrvertige.com\/en\/#\/schema\/logo\/image\/\"}},{\"@type\":\"Person\",\"@id\":\"https:\/\/gdrvertige.com\/en\/#\/schema\/person\/089ec5318aa3279f982ad0499abe7b69\",\"name\":\"wagaia\",\"image\":{\"@type\":\"ImageObject\",\"inLanguage\":\"en-US\",\"@id\":\"https:\/\/gdrvertige.com\/en\/#\/schema\/person\/image\/\",\"url\":\"https:\/\/secure.gravatar.com\/avatar\/eb7f4325f25e87193e25efb266b5631b?s=96&d=mm&r=g\",\"contentUrl\":\"https:\/\/secure.gravatar.com\/avatar\/eb7f4325f25e87193e25efb266b5631b?s=96&d=mm&r=g\",\"caption\":\"wagaia\"},\"sameAs\":[\"https:\/\/gdrvertige.com\"],\"url\":\"https:\/\/gdrvertige.com\/en\/author\/wagaia\/\"}]}<\/script>\n<!-- \/ Yoast SEO plugin. -->","yoast_head_json":{"title":"Alexandra WECKEL (Clinician) - GDR Vertige","robots":{"index":"index","follow":"follow","max-snippet":"max-snippet:-1","max-image-preview":"max-image-preview:large","max-video-preview":"max-video-preview:-1"},"canonical":"https:\/\/gdrvertige.com\/en\/2021\/06\/23\/alexandra-weckel-clinicienne\/","og_locale":"en_US","og_type":"article","og_title":"Alexandra WECKEL (Clinician) - GDR Vertige","og_description":"Strasbourg","og_url":"https:\/\/gdrvertige.com\/en\/2021\/06\/23\/alexandra-weckel-clinicienne\/","og_site_name":"GDR Vertige","article_published_time":"2021-06-23T14:52:27+00:00","article_modified_time":"2021-07-23T13:40:08+00:00","og_image":[{"width":491,"height":666,"url":"https:\/\/gdrvertige.com\/wp-content\/uploads\/2020\/12\/WECKEL.png","type":"image\/png"}],"author":"wagaia","twitter_card":"summary_large_image","twitter_misc":{"Written by":"wagaia","Est. reading time":"2 minutes"},"schema":{"@context":"https:\/\/schema.org","@graph":[{"@type":"Article","@id":"https:\/\/gdrvertige.com\/en\/2021\/06\/23\/alexandra-weckel-clinicienne\/#article","isPartOf":{"@id":"https:\/\/gdrvertige.com\/en\/2021\/06\/23\/alexandra-weckel-clinicienne\/"},"author":{"name":"wagaia","@id":"https:\/\/gdrvertige.com\/en\/#\/schema\/person\/089ec5318aa3279f982ad0499abe7b69"},"headline":"Alexandra WECKEL (Clinician)","datePublished":"2021-06-23T14:52:27+00:00","dateModified":"2021-07-23T13:40:08+00:00","mainEntityOfPage":{"@id":"https:\/\/gdrvertige.com\/en\/2021\/06\/23\/alexandra-weckel-clinicienne\/"},"wordCount":324,"publisher":{"@id":"https:\/\/gdrvertige.com\/en\/#organization"},"image":{"@id":"https:\/\/gdrvertige.com\/en\/2021\/06\/23\/alexandra-weckel-clinicienne\/#primaryimage"},"thumbnailUrl":"https:\/\/gdrvertige.com\/wp-content\/uploads\/2020\/12\/WECKEL.png","articleSection":["Liste des membres"],"inLanguage":"en-US"},{"@type":"WebPage","@id":"https:\/\/gdrvertige.com\/en\/2021\/06\/23\/alexandra-weckel-clinicienne\/","url":"https:\/\/gdrvertige.com\/en\/2021\/06\/23\/alexandra-weckel-clinicienne\/","name":"Alexandra WECKEL (Clinician) - GDR Vertige","isPartOf":{"@id":"https:\/\/gdrvertige.com\/en\/#website"},"primaryImageOfPage":{"@id":"https:\/\/gdrvertige.com\/en\/2021\/06\/23\/alexandra-weckel-clinicienne\/#primaryimage"},"image":{"@id":"https:\/\/gdrvertige.com\/en\/2021\/06\/23\/alexandra-weckel-clinicienne\/#primaryimage"},"thumbnailUrl":"https:\/\/gdrvertige.com\/wp-content\/uploads\/2020\/12\/WECKEL.png","datePublished":"2021-06-23T14:52:27+00:00","dateModified":"2021-07-23T13:40:08+00:00","breadcrumb":{"@id":"https:\/\/gdrvertige.com\/en\/2021\/06\/23\/alexandra-weckel-clinicienne\/#breadcrumb"},"inLanguage":"en-US","potentialAction":[{"@type":"ReadAction","target":["https:\/\/gdrvertige.com\/en\/2021\/06\/23\/alexandra-weckel-clinicienne\/"]}]},{"@type":"ImageObject","inLanguage":"en-US","@id":"https:\/\/gdrvertige.com\/en\/2021\/06\/23\/alexandra-weckel-clinicienne\/#primaryimage","url":"https:\/\/gdrvertige.com\/wp-content\/uploads\/2020\/12\/WECKEL.png","contentUrl":"https:\/\/gdrvertige.com\/wp-content\/uploads\/2020\/12\/WECKEL.png","width":491,"height":666},{"@type":"BreadcrumbList","@id":"https:\/\/gdrvertige.com\/en\/2021\/06\/23\/alexandra-weckel-clinicienne\/#breadcrumb","itemListElement":[{"@type":"ListItem","position":1,"name":"Accueil","item":"https:\/\/gdrvertige.com\/en\/"},{"@type":"ListItem","position":2,"name":"Alexandra WECKEL (Clinician)"}]},{"@type":"WebSite","@id":"https:\/\/gdrvertige.com\/en\/#website","url":"https:\/\/gdrvertige.com\/en\/","name":"GDR Vertige","description":"","publisher":{"@id":"https:\/\/gdrvertige.com\/en\/#organization"},"potentialAction":[{"@type":"SearchAction","target":{"@type":"EntryPoint","urlTemplate":"https:\/\/gdrvertige.com\/en\/?s={search_term_string}"},"query-input":{"@type":"PropertyValueSpecification","valueRequired":true,"valueName":"search_term_string"}}],"inLanguage":"en-US"},{"@type":"Organization","@id":"https:\/\/gdrvertige.com\/en\/#organization","name":"GDR Vertige","url":"https:\/\/gdrvertige.com\/en\/","logo":{"@type":"ImageObject","inLanguage":"en-US","@id":"https:\/\/gdrvertige.com\/en\/#\/schema\/logo\/image\/","url":"https:\/\/gdrvertige.com\/wp-content\/uploads\/2020\/11\/GDR-VERTIGE_alt3.png","contentUrl":"https:\/\/gdrvertige.com\/wp-content\/uploads\/2020\/11\/GDR-VERTIGE_alt3.png","width":1364,"height":538,"caption":"GDR Vertige"},"image":{"@id":"https:\/\/gdrvertige.com\/en\/#\/schema\/logo\/image\/"}},{"@type":"Person","@id":"https:\/\/gdrvertige.com\/en\/#\/schema\/person\/089ec5318aa3279f982ad0499abe7b69","name":"wagaia","image":{"@type":"ImageObject","inLanguage":"en-US","@id":"https:\/\/gdrvertige.com\/en\/#\/schema\/person\/image\/","url":"https:\/\/secure.gravatar.com\/avatar\/eb7f4325f25e87193e25efb266b5631b?s=96&d=mm&r=g","contentUrl":"https:\/\/secure.gravatar.com\/avatar\/eb7f4325f25e87193e25efb266b5631b?s=96&d=mm&r=g","caption":"wagaia"},"sameAs":["https:\/\/gdrvertige.com"],"url":"https:\/\/gdrvertige.com\/en\/author\/wagaia\/"}]}},"_links":{"self":[{"href":"https:\/\/gdrvertige.com\/en\/wp-json\/wp\/v2\/posts\/5424","targetHints":{"allow":["GET"]}}],"collection":[{"href":"https:\/\/gdrvertige.com\/en\/wp-json\/wp\/v2\/posts"}],"about":[{"href":"https:\/\/gdrvertige.com\/en\/wp-json\/wp\/v2\/types\/post"}],"author":[{"embeddable":true,"href":"https:\/\/gdrvertige.com\/en\/wp-json\/wp\/v2\/users\/1"}],"replies":[{"embeddable":true,"href":"https:\/\/gdrvertige.com\/en\/wp-json\/wp\/v2\/comments?post=5424"}],"version-history":[{"count":6,"href":"https:\/\/gdrvertige.com\/en\/wp-json\/wp\/v2\/posts\/5424\/revisions"}],"predecessor-version":[{"id":5911,"href":"https:\/\/gdrvertige.com\/en\/wp-json\/wp\/v2\/posts\/5424\/revisions\/5911"}],"wp:featuredmedia":[{"embeddable":true,"href":"https:\/\/gdrvertige.com\/en\/wp-json\/wp\/v2\/media\/4952"}],"wp:attachment":[{"href":"https:\/\/gdrvertige.com\/en\/wp-json\/wp\/v2\/media?parent=5424"}],"wp:term":[{"taxonomy":"category","embeddable":true,"href":"https:\/\/gdrvertige.com\/en\/wp-json\/wp\/v2\/categories?post=5424"},{"taxonomy":"post_tag","embeddable":true,"href":"https:\/\/gdrvertige.com\/en\/wp-json\/wp\/v2\/tags?post=5424"}],"curies":[{"name":"wp","href":"https:\/\/api.w.org\/{rel}","templated":true}]}}